{"id":2650,"date":"2017-10-04T09:35:46","date_gmt":"2017-10-04T08:35:46","guid":{"rendered":"https:\/\/canterburypolitics.wordpress.com\/?p=2650"},"modified":"2018-09-18T15:13:43","modified_gmt":"2018-09-18T14:13:43","slug":"the-strachification-of-austrian-politics-how-an-election-campaign-descended-into-blatant-islamophobia","status":"publish","type":"post","link":"https:\/\/blogs.canterbury.ac.uk\/politics\/2017\/10\/04\/the-strachification-of-austrian-politics-how-an-election-campaign-descended-into-blatant-islamophobia\/","title":{"rendered":"The Strachification of Austrian politics: How an election campaign descended into blatant Islamophobia"},"content":{"rendered":"<p style=\"text-align: justify\"><em>Our BSc student Samuel Cairns analyses the Austrian election campaign and the impact of Freedom Party Leader H.C. Strache.<\/em><!--more--><\/p>\n<p style=\"text-align: justify\">This October will see three charismatic, outspoken and intelligent candidates go head to head in a race to become the next Austrian Chancellor. Of course, it would be inaccurate to suggest there are only three candidates running for Chancellor on October 15<sup>th<\/sup>, while there are in fact nine candidates representing nine different parities. Of those nine parties, there are only three whose leaders look likely to make a significant impact in the incoming election \u2013 Sebastian Kurz from the \u00d6VP (Austrian people\u2019s party, centre-right), Christian Kern from the SP\u00d6 (Social Democrats, centre-left) and Heinz-Christian Strache from the FP\u00d6 (Freedom Party, far-right). These three parties dominate Austrian media and election campaigning. With tens of millions of Euros in campaign funds and donations in the bank, the \u00d6VP, SP\u00d6 and FP\u00d6 are able to completely dominate election campaigning, forcing the smaller parties into submission. This phenomenon could be witnessed over the course of the current election campaign with regard to the Greens, NEOS and Pilz, which all descended towards the 4% threshold as their supporters appear to migrate mainly to the \u00d6VP and SP\u00d6. In fact, <a href=\"https:\/\/neuwal.com\/wahlumfragen\/wahlumfrage.php?uid=1368#focus\">the most recent opinion poll from OGM\/Kurier puts the support of these three parties between the 4-5% range each<\/a>. If this poll holds true on election day, then it would be a monumental 7 point drop for the Greens and a loss of 15 seats \u2013 a green catastrophe.<\/p>\n<p style=\"text-align: justify\">Logical speculation suggests that these lost voters would have either migrated to the SP\u00d6 or Pilz as they are the most ideologically similar to the Greens. However, closer inspection of the polls show that another phenomenon is taking place, that is the <em>Strachification<\/em> of the Austrian election. This describe a process where supposedly liberal voters of left-leaning parties are now leaning towards voting for either Kurz (\u00d6VP) or Strache (FP\u00d6), the two dominant right-wingers in the election. It is conceivable to suggest that roughly 3.5% of this Green cohort have migrated to either Kurz or Strache while the other 4% have chosen either Pilz or the SP\u00d6. This unusual choice of migration of these liberal voters can be attributed to the development of the wider Austrian election campaign.<\/p>\n<p style=\"text-align: justify\">What started as a campaign <a href=\"https:\/\/www.thelocal.at\/20160901\/unemployment-in-austria-highest-in-years\">focused on lowering the already low rate of unemployment (8.3%)<\/a> has transformed into blatant immigrant-bashing and trying to outcompete each other on who can sound the most Islamophobic without having to present any actual policies.<\/p>\n<p style=\"text-align: justify\">Strache seemed to have this election in the bag at the turn of 2017, he was unabashedly anti-Islam and equally anti-immigrant. After reeling from <a href=\"https:\/\/presidential-power.com\/?p=4942\">a close defeat to Green candidate Van der Bellen in last year\u2019s presidential election<\/a>, the Freedom Party and subsequently, Strache spent time refocusing their agenda preparing for elections in 2018. Despite the close defeat in the presidential election, the Freedom party had a lot to look forward to \u2013 they were polling around 10 points ahead of the Social democrats in the polls and the SP\u00d6-\u00d6VP coalition was in crisis; neither party could seem to agree on a coherent migration and asylum policy for fear of losing more voters to the Freedom Party. The Freedom Party had also earned the accolade of being Europe\u2019s strongest and most influential far-right party.<\/p>\n<figure id=\"attachment_2653\" aria-describedby=\"caption-attachment-2653\" style=\"width: 640px\" class=\"wp-caption aligncenter\"><a href=\"https:\/\/www.flickr.com\/photos\/sebastian_kurz\/35654284905\/in\/album-72157682857255964\/\"><img decoding=\"async\" class=\"size-full wp-image-2653\" src=\"https:\/\/canterburypolitics.files.wordpress.com\/2017\/10\/35654284905_44457240aa_z.jpg\" alt=\"\" width=\"640\" height=\"427\" \/><\/a><figcaption id=\"caption-attachment-2653\" class=\"wp-caption-text\">Foreign Minister Sebastian Kurz, leader of the Austrian People&#8217;s Party (\u00d6VP ) | photo via oevp.at<\/figcaption><\/figure>\n<p style=\"text-align: justify\">However, fast forward to May when the youthful foreign minister Sebastian Kurz became the new leader of the \u00d6VP, the polling dynamic completely changed. Kurz quickly denounced the coalition between his party (the \u00d6VP) and the SP\u00d6, meaning new elections were called for this October. He was also able to almost flip the \u00d6VP\u2019s and FP\u00d6\u2019s polling figures overnight, propelling the \u00d6VP into an instant first place while the FP\u00d6 fell back to a contentious second with the SP\u00d6. <a href=\"https:\/\/www.ots.at\/presseaussendung\/OTS_20170814_OTS0011\/sonntagsfrage-kurz-effekt-schlaegt-kanzlerbonus-bild\">Many commentators attributed this phenomenon to be the \u2018Kurz effect\u2019<\/a>; however, I am more sceptical. Yes, Kurz\u2019s youthful figure and charismatic aura certainly helped him become the leading figure in the election but there was, in my opinion, a more important dynamic that propelled him to first place. This was when he cleverly adopted the rhetoric of the radical right. Kurz, already infamous for closing off the Austro-Italian border in 2016, then unashamedly went on a tirade against Islamic Kindergartens, EU immigrants, Viennese Mosques and just about everything \u2018non-Austrian\u2019. It even got so extensive that the Freedom party, ironically, <a href=\"https:\/\/www.reuters.com\/article\/us-austria-election\/austrias-far-right-party-accuses-conservatives-of-stealing-campaign-ideas-idUSKCN1BG2GW\">complained that Kurz was stealing their election manifesto as his and Strache\u2019s rhetoric seem almost identical<\/a>.<\/p>\n<p style=\"text-align: justify\">Thus, I contend that these developments are linked to what I call the <em>Strachification<\/em> of Austrian society, whereby Strache\u2019s heavy right-wing influence over certain sectors of Austrian society has forced other party leaders to adopt his radical rhetoric, particularly on immigration and the position of Islam in Austrian society. Kurz in particular has taken this as an opportunity to rejuvenate the \u00d6VP (which also fights the election under the new name \u201c\u00d6VP \u2013 Liste Sebastian Kurz\u201d) and at the moment it seems to be working. Until election day nothing is clear, but one thing is certain \u2013 Strache and the FP\u00d6 may no longer be leading election polls, but their influence and inflammatory rhetoric has quite abruptly dragged the official discourse of this small alpine nation to the right.<\/p>\n","protected":false},"excerpt":{"rendered":"<p>Our BSc student Samuel Cairns analyses the Austrian election campaign and the impact of Freedom Party Leader H.C. Strache.<\/p>\n","protected":false},"author":161081,"featured_media":3246,"comment_status":"open","ping_status":"open","sticky":false,"template":"","format":"standard","meta":{"_acf_changed":false,"footnotes":""},"categories":[5,29],"tags":[185,641,957,1081,1249,189,1657,2085],"class_list":["post-2650","post","type-post","status-publish","format-standard","has-post-thumbnail","hentry","category-commentary","category-students","tag-austria","tag-election","tag-freedom-party","tag-hc-strache","tag-islamization","tag-ovp","tag-parliamentary-election","tag-spo"],"acf":[],"aioseo_notices":[],"authorName":"Anna Vanaga","featuredImage":"https:\/\/blogs.canterbury.ac.uk\/politics\/wp-content\/uploads\/sites\/645\/2017\/10\/fpoe-campaign-poster-islamisation.jpg","postExcerpt":"Our BSc student Samuel Cairns analyses the Austrian election campaign and the impact of Freedom Party Leader H.C. Strache.","_links":{"self":[{"href":"https:\/\/blogs.canterbury.ac.uk\/politics\/wp-json\/wp\/v2\/posts\/2650","targetHints":{"allow":["GET"]}}],"collection":[{"href":"https:\/\/blogs.canterbury.ac.uk\/politics\/wp-json\/wp\/v2\/posts"}],"about":[{"href":"https:\/\/blogs.canterbury.ac.uk\/politics\/wp-json\/wp\/v2\/types\/post"}],"author":[{"embeddable":true,"href":"https:\/\/blogs.canterbury.ac.uk\/politics\/wp-json\/wp\/v2\/users\/161081"}],"replies":[{"embeddable":true,"href":"https:\/\/blogs.canterbury.ac.uk\/politics\/wp-json\/wp\/v2\/comments?post=2650"}],"version-history":[{"count":3,"href":"https:\/\/blogs.canterbury.ac.uk\/politics\/wp-json\/wp\/v2\/posts\/2650\/revisions"}],"predecessor-version":[{"id":4842,"href":"https:\/\/blogs.canterbury.ac.uk\/politics\/wp-json\/wp\/v2\/posts\/2650\/revisions\/4842"}],"wp:featuredmedia":[{"embeddable":true,"href":"https:\/\/blogs.canterbury.ac.uk\/politics\/wp-json\/wp\/v2\/media\/3246"}],"wp:attachment":[{"href":"https:\/\/blogs.canterbury.ac.uk\/politics\/wp-json\/wp\/v2\/media?parent=2650"}],"wp:term":[{"taxonomy":"category","embeddable":true,"href":"https:\/\/blogs.canterbury.ac.uk\/politics\/wp-json\/wp\/v2\/categories?post=2650"},{"taxonomy":"post_tag","embeddable":true,"href":"https:\/\/blogs.canterbury.ac.uk\/politics\/wp-json\/wp\/v2\/tags?post=2650"}],"curies":[{"name":"wp","href":"https:\/\/api.w.org\/{rel}","templated":true}]}}